{"id":3790,"date":"2024-03-26T11:21:38","date_gmt":"2024-03-26T10:21:38","guid":{"rendered":"https:\/\/wolfgang-kern.com\/?p=3790"},"modified":"2024-03-26T11:21:40","modified_gmt":"2024-03-26T10:21:40","slug":"die-wahl-der-ersten-kamera-technische-aspekte-im-detail","status":"publish","type":"post","link":"https:\/\/wolfgang-kern.com\/en\/die-wahl-der-ersten-kamera-technische-aspekte-im-detail\/","title":{"rendered":"Choosing your first camera: technical aspects in detail"},"content":{"rendered":"<h1 class=\"wp-block-heading\">Choosing your first camera: technical aspects in detail<\/h1>\n\n\n\n<p>Choosing your first camera is an important step for any aspiring photographer or filmmaker. In addition to the budget and personal preferences, technical aspects play an important role. In this blog post, we'll look at some of the most important points you should consider when making your decision, going into great detail.<\/p>\n\n\n\n<h3 class=\"wp-block-heading\"><strong>Resolution:<\/strong><\/h3>\n\n\n\n<p>Resolution describes the number of pixels that an image or video sensor can capture. Higher resolutions like 4K or 6K offer more detail and editing flexibility, but are also more computationally intensive and require more storage space.<\/p>\n\n\n\n<ul class=\"wp-block-list\">\n<li class=\"translation-block\">1080p (Full HD): 1920 x 1080 pixels - Was the standard for videos for a long time, but is no longer sufficient for professional productions.<\/li>\n\n\n\n<li class=\"translation-block\">4K (Ultra HD): 3840 x 2160 pixels - Offers significantly more detail and is ideal for high-resolution videos and photos.<\/li>\n\n\n\n<li class=\"translation-block\">6K: 6144 x 3456 pixels - even more details, but also higher requirements for hardware and storage space.<\/li>\n\n\n\n<li class=\"translation-block\">8K: 7680 x 4320 pixels - Currently the highest possible resolution for consumer cameras, but not yet widely used.<\/li>\n<\/ul>\n\n\n\n<h3 class=\"wp-block-heading\"><strong>Sensor size: An important factor in image quality<\/strong><\/h3>\n\n\n\n<p>Sensor size is one of the most important factors affecting a camera's image quality. Larger sensors offer several advantages:<\/p>\n\n\n\n<ul class=\"wp-block-list\">\n<li class=\"translation-block\">Better image quality in low light: Larger sensors can capture more light, resulting in a less noisy image in low light conditions.<\/li>\n\n\n\n<li class=\"translation-block\">Shallow depth of field: Larger sensors allow you to shoot with a shallower depth of field, blurring the background and highlighting the subject.<\/li>\n\n\n\n<li class=\"translation-block\">Better dynamic range: Larger sensors can capture a greater dynamic range, meaning they can capture more detail in the shadows and highlights of an image.<\/li>\n<\/ul>\n\n\n\n<p><strong>Comparison of different sensor sizes:<\/strong><\/p>\n\n\n\n<ul class=\"wp-block-list\">\n<li class=\"translation-block\">Micro Four Thirds: This sensor size is relatively small and compact, but still offers good image quality. It is ideal for beginners and photographers looking for a compact and lightweight camera.<\/li>\n\n\n\n<li class=\"translation-block\">APS-C: This sensor size is slightly larger than Micro Four Thirds and offers better image quality, especially in low light. It is ideal for advanced photographers and videographers looking for a good balance between size and image quality.<\/li>\n\n\n\n<li class=\"translation-block\">Full format: This sensor size is the largest and offers the best image quality. It is ideal for professional photographers and videographers who have the highest demands on image quality.<\/li>\n<\/ul>\n\n\n\n<figure class=\"wp-block-image size-large\"><img loading=\"lazy\" decoding=\"async\" width=\"1024\" height=\"574\" src=\"https:\/\/wolfgang-kern.com\/wp-content\/uploads\/2024\/03\/sensor-1024x574.png\" alt=\"\" class=\"wp-image-3795\" srcset=\"https:\/\/wolfgang-kern.com\/wp-content\/uploads\/2024\/03\/sensor-1024x574.png 1024w, https:\/\/wolfgang-kern.com\/wp-content\/uploads\/2024\/03\/sensor-300x168.png 300w, https:\/\/wolfgang-kern.com\/wp-content\/uploads\/2024\/03\/sensor-768x430.png 768w, https:\/\/wolfgang-kern.com\/wp-content\/uploads\/2024\/03\/sensor-18x10.png 18w, https:\/\/wolfgang-kern.com\/wp-content\/uploads\/2024\/03\/sensor.png 1456w\" sizes=\"auto, (max-width: 1024px) 100vw, 1024px\" \/><\/figure>\n\n\n\n<h3 class=\"wp-block-heading\"><strong>Open Gate:<\/strong><\/h3>\n\n\n\n<p>Open Gate refers to the mode in which the camera sensor reads out the full resolution without cropping. This allows for more flexibility when editing images, as you can later zoom into the image and select sections. Most cameras only offer Open Gate in higher resolutions like 4K or 6K.<\/p>\n\n\n\n<h3 class=\"wp-block-heading\"><strong>Portrait format:<\/strong><\/h3>\n\n\n\n<p>Portrait format videos are increasingly being used for social media platforms such as Instagram and TikTok. Make sure your camera supports this feature. Many cameras now offer automatic detection of the portrait format, so you don't have to shoot your videos separately.<\/p>\n\n\n\n<h3 class=\"wp-block-heading\"><strong>FPS (Frames per Second):<\/strong><\/h3>\n\n\n\n<p>The frame rate (FPS) describes the number of images captured per second. Higher frame rates result in smoother movements, but are also more computationally intensive and require more storage space.<\/p>\n\n\n\n<ul class=\"wp-block-list\">\n<li><strong>24 FPS:<\/strong> Standard for cinema films and gives videos a cinematic look.<\/li>\n\n\n\n<li><strong>30 FPS:<\/strong> Standard for television broadcasts and videos on the Internet.<\/li>\n\n\n\n<li><strong>60 FPS:<\/strong> Ideal for slow motion recordings and fast movements.<\/li>\n\n\n\n<li><strong>120 FPS:<\/strong> For extremely smooth slow motion recordings and slow motion effects.<\/li>\n<\/ul>\n\n\n\n<h3 class=\"wp-block-heading\"><strong>8 Bit vs. 10 Bit:<\/strong><\/h3>\n\n\n\n<p>Bit depth describes the number of color information stored per pixel. 10 bit offers a higher color depth and therefore more details and color nuances. This is especially important when editing videos, as color correction can cause details to be lost.<\/p>\n\n\n\n<ul class=\"wp-block-list\">\n<li><strong>8 Bit:<\/strong> Standard for many consumer cameras, but no longer sufficient for professional productions.<\/li>\n\n\n\n<li><strong>10 Bit:<\/strong> Ideal for professional productions and color grading.<\/li>\n\n\n\n<li><strong>12 Bit:<\/strong> Offers the highest color depth and is ideal for HDR productions.<\/li>\n<\/ul>\n\n\n\n<h3 class=\"wp-block-heading\"><strong>MP4 vs. RAW:<\/strong><\/h3>\n\n\n\n<p>MP4 is a compressed video format that is easy to share and edit. RAW, on the other hand, is an uncompressed format that offers more detail and flexibility when editing.<\/p>\n\n\n\n<p><strong>Advantages of MP4:<\/strong><\/p>\n\n\n\n<ul class=\"wp-block-list\">\n<li>Smaller file size<\/li>\n\n\n\n<li>Easier to share and edit (depending on compression)<\/li>\n\n\n\n<li>Compatible with many devices<\/li>\n<\/ul>\n\n\n\n<p><strong>Disadvantages of MP4:<\/strong><\/p>\n\n\n\n<ul class=\"wp-block-list\">\n<li>Less details and flexibility in editing<\/li>\n\n\n\n<li><strong>Loss of image information due to compression<\/strong><\/li>\n<\/ul>\n\n\n\n<p><strong>Advantages of RAW:<\/strong><\/p>\n\n\n\n<ul class=\"wp-block-list\">\n<li>More details and flexibility in editing<\/li>\n\n\n\n<li><strong>No losses due to compression<\/strong><\/li>\n\n\n\n<li>Ideal for color grading<\/li>\n<\/ul>\n\n\n\n<p><strong>Disadvantages of RAW:<\/strong><\/p>\n\n\n\n<ul class=\"wp-block-list\">\n<li>Larger file size<\/li>\n\n\n\n<li>More difficult to edit<\/li>\n\n\n\n<li>Not compatible with all devices<\/li>\n<\/ul>\n\n\n\n<h3 class=\"wp-block-heading\"><strong>LOG for color grading:<\/strong><\/h3>\n\n\n\n<p>LOG profiles are often used in professional productions to achieve greater dynamic range. This means more detail is retained in the shadows and highlights, allowing more latitude when color grading. However, LOG footage typically needs to be edited in a non-linear editing (NLE) program such as DaVinci Resolve or Premiere Pro to display the colors correctly.<\/p>\n\n\n\n<p><strong>Cameras with LOG profiles:<\/strong><\/p>\n\n\n\n<ul class=\"wp-block-list\">\n<li>Panasonic Lumix GH5\/GH6<\/li>\n\n\n\n<li>Sony A7IV\/A7S III<\/li>\n\n\n\n<li>Blackmagic Pocket 6K\/BMPCC 6K Pro<\/li>\n\n\n\n<li>Red Komodo<\/li>\n\n\n\n<li>Canon EOS R5\/R6<\/li>\n\n\n\n<li>Nikon Z 6II\/Z 7II<\/li>\n<\/ul>\n\n\n\n<figure class=\"wp-block-image size-large\"><img loading=\"lazy\" decoding=\"async\" width=\"1024\" height=\"769\" src=\"https:\/\/wolfgang-kern.com\/wp-content\/uploads\/2024\/03\/LUMIX-1024x769.jpg\" alt=\"\" class=\"wp-image-3794\" srcset=\"https:\/\/wolfgang-kern.com\/wp-content\/uploads\/2024\/03\/LUMIX-1024x769.jpg 1024w, https:\/\/wolfgang-kern.com\/wp-content\/uploads\/2024\/03\/LUMIX-300x225.jpg 300w, https:\/\/wolfgang-kern.com\/wp-content\/uploads\/2024\/03\/LUMIX-768x577.jpg 768w, https:\/\/wolfgang-kern.com\/wp-content\/uploads\/2024\/03\/LUMIX-1536x1153.jpg 1536w, https:\/\/wolfgang-kern.com\/wp-content\/uploads\/2024\/03\/LUMIX-2048x1538.jpg 2048w, https:\/\/wolfgang-kern.com\/wp-content\/uploads\/2024\/03\/LUMIX-16x12.jpg 16w, https:\/\/wolfgang-kern.com\/wp-content\/uploads\/2024\/03\/LUMIX-scaled.jpg 2560w\" sizes=\"auto, (max-width: 1024px) 100vw, 1024px\" \/><\/figure>\n\n\n\n<h3 class=\"wp-block-heading\"><strong>Example cameras:<\/strong><\/h3>\n\n\n\n<ul class=\"wp-block-list\">\n<li><strong>Panasonic Lumix GH5\/GH6:<\/strong> Micro Four Thirds cameras with 4K or 5.1K video and 10 bit color depth. Ideal for photographers and videographers looking for a compact and versatile camera with LOG function<\/li>\n\n\n\n<li><strong>Sony A7IV\/A7S III:<\/strong> Full-frame cameras with 4K or 8K video and 10-bit color depth. Offer excellent image quality, autofocus performance and LOG profiles for professional applications.<\/li>\n\n\n\n<li><strong>Blackmagic Pocket 6K\/BMPCC 6K Pro:<\/strong> Super 35mm or FullFrame cameras with 6K video and 12 bit RAW recording. Ideal for professional productions and demanding film projects with LOG recording.<\/li>\n\n\n\n<li><strong>Red Komodo:<\/strong> Compact 6K cinema camera with 16-bit RAW recording and LOG function. Professional tool for high-end film productions.<\/li>\n\n\n\n<li><strong>Canon EOS R5\/R6:<\/strong> Full-frame cameras with 4K video and 10-bit color depth. Offer high-resolution photos and videos with LOG function for professional requirements.<\/li>\n\n\n\n<li><strong>Nikon Z 6II\/Z 7II:<\/strong> Full-frame cameras with 4K video and 10-bit color depth. High resolution and image quality with LOG options for creative film projects.<\/li>\n<\/ul>\n\n\n\n<p><strong>Conclusion:<\/strong><\/p>\n\n\n\n<p>Choosing your first camera depends on your individual needs and budget. Compact system cameras with 4K video and 10-bit color depth are suitable for entry-level use. Advanced users and professionals need cameras with higher resolution, RAW recording and LOG profiles.<\/p>\n\n\n\n<p><strong>Additional points:<\/strong><\/p>\n\n\n\n<ul class=\"wp-block-list\">\n<li class=\"translation-block\">Image stabilization: For blur-free videos, especially important at 4K and higher resolutions.<\/li>\n\n\n\n<li class=\"translation-block\">Autofocus: Fast and accurate autofocus is important for video recording and photos of moving objects.<\/li>\n\n\n\n<li class=\"translation-block\">Lenses: Invest in high-quality lenses to improve your camera's image quality.<\/li>\n\n\n\n<li class=\"translation-block\">Storage space: Use fast, high-capacity memory cards to store 4K and RAW videos.<\/li>\n\n\n\n<li class=\"translation-block\">Software: Use NLE programs like DaVinci Resolve or Premiere Pro to edit and color grade your videos.<\/li>\n<\/ul>","protected":false},"excerpt":{"rendered":"<p>Die Wahl der ersten Kamera: Technische Aspekte im Detail Die Wahl der ersten Kamera ist ein wichtiger Schritt f\u00fcr jeden angehenden Fotografen oder Filmemacher. Neben dem Budget und pers\u00f6nlichen Pr\u00e4ferenzen spielen technische Aspekte eine wichtige Rolle. In diesem Blogpost beleuchten wir einige der wichtigsten Punkte, die du bei deiner Entscheidung ber\u00fccksichtigen solltest, und gehen dabei [&hellip;]<\/p>\n","protected":false},"author":1,"featured_media":3794,"comment_status":"closed","ping_status":"closed","sticky":false,"template":"","format":"standard","meta":{"pgc_sgb_lightbox_settings":"","footnotes":""},"categories":[21],"tags":[],"class_list":["post-3790","post","type-post","status-publish","format-standard","has-post-thumbnail","hentry","category-blog"],"yoast_head":"<!-- This site is optimized with the Yoast SEO plugin v27.5 - https:\/\/yoast.com\/product\/yoast-seo-wordpress\/ -->\n<title>Die erste Kamera - Wolfgang Kern Videography Blog<\/title>\n<meta name=\"description\" content=\"Die erste Kamera zu finden ist schwierig. Wir widmen uns hier kurz ein paar technischen Fakten und vergleichen Standards miteinander.\" \/>\n<meta name=\"robots\" content=\"index, follow, max-snippet:-1, max-image-preview:large, max-video-preview:-1\" \/>\n<link rel=\"canonical\" href=\"https:\/\/wolfgang-kern.com\/en\/die-wahl-der-ersten-kamera-technische-aspekte-im-detail\/\" \/>\n<meta property=\"og:locale\" content=\"en_US\" \/>\n<meta property=\"og:type\" content=\"article\" \/>\n<meta property=\"og:title\" content=\"Die erste Kamera - Wolfgang Kern Videography Blog\" \/>\n<meta property=\"og:description\" content=\"Die erste Kamera zu finden ist schwierig. Wir widmen uns hier kurz ein paar technischen Fakten und vergleichen Standards miteinander.\" \/>\n<meta property=\"og:url\" content=\"https:\/\/wolfgang-kern.com\/en\/die-wahl-der-ersten-kamera-technische-aspekte-im-detail\/\" \/>\n<meta property=\"og:site_name\" content=\"Wolfgang Kern \ud83c\udfa5\ud83c\udf9e\ufe0f\ud83c\udfac\" \/>\n<meta property=\"article:published_time\" content=\"2024-03-26T10:21:38+00:00\" \/>\n<meta property=\"article:modified_time\" content=\"2024-03-26T10:21:40+00:00\" \/>\n<meta property=\"og:image\" content=\"https:\/\/wolfgang-kern.com\/wp-content\/uploads\/2024\/03\/LUMIX-scaled.jpg\" \/>\n\t<meta property=\"og:image:width\" content=\"2560\" \/>\n\t<meta property=\"og:image:height\" content=\"1922\" \/>\n\t<meta property=\"og:image:type\" content=\"image\/jpeg\" \/>\n<meta name=\"author\" content=\"Wolfgang Kern\" \/>\n<meta name=\"twitter:card\" content=\"summary_large_image\" \/>\n<meta name=\"twitter:creator\" content=\"@thewoifi\" \/>\n<meta name=\"twitter:site\" content=\"@thewoifi\" \/>\n<meta name=\"twitter:label1\" content=\"Written by\" \/>\n\t<meta name=\"twitter:data1\" content=\"Wolfgang Kern\" \/>\n\t<meta name=\"twitter:label2\" content=\"Est. reading time\" \/>\n\t<meta name=\"twitter:data2\" content=\"7 minutes\" \/>\n<script type=\"application\/ld+json\" class=\"yoast-schema-graph\">{\"@context\":\"https:\\\/\\\/schema.org\",\"@graph\":[{\"@type\":\"Article\",\"@id\":\"https:\\\/\\\/wolfgang-kern.com\\\/die-wahl-der-ersten-kamera-technische-aspekte-im-detail\\\/#article\",\"isPartOf\":{\"@id\":\"https:\\\/\\\/wolfgang-kern.com\\\/die-wahl-der-ersten-kamera-technische-aspekte-im-detail\\\/\"},\"author\":{\"name\":\"Wolfgang Kern\",\"@id\":\"https:\\\/\\\/wolfgang-kern.com\\\/#\\\/schema\\\/person\\\/ea50495996105136f65a20338a41dcd5\"},\"headline\":\"Die Wahl der ersten Kamera: Technische Aspekte im Detail\",\"datePublished\":\"2024-03-26T10:21:38+00:00\",\"dateModified\":\"2024-03-26T10:21:40+00:00\",\"mainEntityOfPage\":{\"@id\":\"https:\\\/\\\/wolfgang-kern.com\\\/die-wahl-der-ersten-kamera-technische-aspekte-im-detail\\\/\"},\"wordCount\":1126,\"publisher\":{\"@id\":\"https:\\\/\\\/wolfgang-kern.com\\\/#\\\/schema\\\/person\\\/ea50495996105136f65a20338a41dcd5\"},\"image\":{\"@id\":\"https:\\\/\\\/wolfgang-kern.com\\\/die-wahl-der-ersten-kamera-technische-aspekte-im-detail\\\/#primaryimage\"},\"thumbnailUrl\":\"https:\\\/\\\/wolfgang-kern.com\\\/wp-content\\\/uploads\\\/2024\\\/03\\\/LUMIX-scaled.jpg\",\"articleSection\":[\"Blog\"],\"inLanguage\":\"en-US\"},{\"@type\":\"WebPage\",\"@id\":\"https:\\\/\\\/wolfgang-kern.com\\\/die-wahl-der-ersten-kamera-technische-aspekte-im-detail\\\/\",\"url\":\"https:\\\/\\\/wolfgang-kern.com\\\/die-wahl-der-ersten-kamera-technische-aspekte-im-detail\\\/\",\"name\":\"Die erste Kamera - Wolfgang Kern Videography Blog\",\"isPartOf\":{\"@id\":\"https:\\\/\\\/wolfgang-kern.com\\\/#website\"},\"primaryImageOfPage\":{\"@id\":\"https:\\\/\\\/wolfgang-kern.com\\\/die-wahl-der-ersten-kamera-technische-aspekte-im-detail\\\/#primaryimage\"},\"image\":{\"@id\":\"https:\\\/\\\/wolfgang-kern.com\\\/die-wahl-der-ersten-kamera-technische-aspekte-im-detail\\\/#primaryimage\"},\"thumbnailUrl\":\"https:\\\/\\\/wolfgang-kern.com\\\/wp-content\\\/uploads\\\/2024\\\/03\\\/LUMIX-scaled.jpg\",\"datePublished\":\"2024-03-26T10:21:38+00:00\",\"dateModified\":\"2024-03-26T10:21:40+00:00\",\"description\":\"Die erste Kamera zu finden ist schwierig. Wir widmen uns hier kurz ein paar technischen Fakten und vergleichen Standards miteinander.\",\"breadcrumb\":{\"@id\":\"https:\\\/\\\/wolfgang-kern.com\\\/die-wahl-der-ersten-kamera-technische-aspekte-im-detail\\\/#breadcrumb\"},\"inLanguage\":\"en-US\",\"potentialAction\":[{\"@type\":\"ReadAction\",\"target\":[\"https:\\\/\\\/wolfgang-kern.com\\\/die-wahl-der-ersten-kamera-technische-aspekte-im-detail\\\/\"]}]},{\"@type\":\"ImageObject\",\"inLanguage\":\"en-US\",\"@id\":\"https:\\\/\\\/wolfgang-kern.com\\\/die-wahl-der-ersten-kamera-technische-aspekte-im-detail\\\/#primaryimage\",\"url\":\"https:\\\/\\\/wolfgang-kern.com\\\/wp-content\\\/uploads\\\/2024\\\/03\\\/LUMIX-scaled.jpg\",\"contentUrl\":\"https:\\\/\\\/wolfgang-kern.com\\\/wp-content\\\/uploads\\\/2024\\\/03\\\/LUMIX-scaled.jpg\",\"width\":2560,\"height\":1922},{\"@type\":\"BreadcrumbList\",\"@id\":\"https:\\\/\\\/wolfgang-kern.com\\\/die-wahl-der-ersten-kamera-technische-aspekte-im-detail\\\/#breadcrumb\",\"itemListElement\":[{\"@type\":\"ListItem\",\"position\":1,\"name\":\"Startseite\",\"item\":\"https:\\\/\\\/wolfgang-kern.com\\\/\"},{\"@type\":\"ListItem\",\"position\":2,\"name\":\"Die Wahl der ersten Kamera: Technische Aspekte im Detail\"}]},{\"@type\":\"WebSite\",\"@id\":\"https:\\\/\\\/wolfgang-kern.com\\\/#website\",\"url\":\"https:\\\/\\\/wolfgang-kern.com\\\/\",\"name\":\"Wolfgang Kern \ud83c\udfa5\ud83c\udf9e\ufe0f\ud83c\udfac\",\"description\":\"Videoproduction, Director, DOP\",\"publisher\":{\"@id\":\"https:\\\/\\\/wolfgang-kern.com\\\/#\\\/schema\\\/person\\\/ea50495996105136f65a20338a41dcd5\"},\"potentialAction\":[{\"@type\":\"SearchAction\",\"target\":{\"@type\":\"EntryPoint\",\"urlTemplate\":\"https:\\\/\\\/wolfgang-kern.com\\\/?s={search_term_string}\"},\"query-input\":{\"@type\":\"PropertyValueSpecification\",\"valueRequired\":true,\"valueName\":\"search_term_string\"}}],\"inLanguage\":\"en-US\"},{\"@type\":[\"Person\",\"Organization\"],\"@id\":\"https:\\\/\\\/wolfgang-kern.com\\\/#\\\/schema\\\/person\\\/ea50495996105136f65a20338a41dcd5\",\"name\":\"Wolfgang Kern\",\"image\":{\"@type\":\"ImageObject\",\"inLanguage\":\"en-US\",\"@id\":\"https:\\\/\\\/wolfgang-kern.com\\\/wp-content\\\/uploads\\\/2022\\\/12\\\/logo_scribble2.png\",\"url\":\"https:\\\/\\\/wolfgang-kern.com\\\/wp-content\\\/uploads\\\/2022\\\/12\\\/logo_scribble2.png\",\"contentUrl\":\"https:\\\/\\\/wolfgang-kern.com\\\/wp-content\\\/uploads\\\/2022\\\/12\\\/logo_scribble2.png\",\"width\":4096,\"height\":3112,\"caption\":\"Wolfgang Kern\"},\"logo\":{\"@id\":\"https:\\\/\\\/wolfgang-kern.com\\\/wp-content\\\/uploads\\\/2022\\\/12\\\/logo_scribble2.png\"}}]}<\/script>\n<!-- \/ Yoast SEO plugin. -->","yoast_head_json":{"title":"Die erste Kamera - Wolfgang Kern Videography Blog","description":"Die erste Kamera zu finden ist schwierig. Wir widmen uns hier kurz ein paar technischen Fakten und vergleichen Standards miteinander.","robots":{"index":"index","follow":"follow","max-snippet":"max-snippet:-1","max-image-preview":"max-image-preview:large","max-video-preview":"max-video-preview:-1"},"canonical":"https:\/\/wolfgang-kern.com\/en\/die-wahl-der-ersten-kamera-technische-aspekte-im-detail\/","og_locale":"en_US","og_type":"article","og_title":"Die erste Kamera - Wolfgang Kern Videography Blog","og_description":"Die erste Kamera zu finden ist schwierig. Wir widmen uns hier kurz ein paar technischen Fakten und vergleichen Standards miteinander.","og_url":"https:\/\/wolfgang-kern.com\/en\/die-wahl-der-ersten-kamera-technische-aspekte-im-detail\/","og_site_name":"Wolfgang Kern \ud83c\udfa5\ud83c\udf9e\ufe0f\ud83c\udfac","article_published_time":"2024-03-26T10:21:38+00:00","article_modified_time":"2024-03-26T10:21:40+00:00","og_image":[{"width":2560,"height":1922,"url":"https:\/\/wolfgang-kern.com\/wp-content\/uploads\/2024\/03\/LUMIX-scaled.jpg","type":"image\/jpeg"}],"author":"Wolfgang Kern","twitter_card":"summary_large_image","twitter_creator":"@thewoifi","twitter_site":"@thewoifi","twitter_misc":{"Written by":"Wolfgang Kern","Est. reading time":"7 minutes"},"schema":{"@context":"https:\/\/schema.org","@graph":[{"@type":"Article","@id":"https:\/\/wolfgang-kern.com\/die-wahl-der-ersten-kamera-technische-aspekte-im-detail\/#article","isPartOf":{"@id":"https:\/\/wolfgang-kern.com\/die-wahl-der-ersten-kamera-technische-aspekte-im-detail\/"},"author":{"name":"Wolfgang Kern","@id":"https:\/\/wolfgang-kern.com\/#\/schema\/person\/ea50495996105136f65a20338a41dcd5"},"headline":"Die Wahl der ersten Kamera: Technische Aspekte im Detail","datePublished":"2024-03-26T10:21:38+00:00","dateModified":"2024-03-26T10:21:40+00:00","mainEntityOfPage":{"@id":"https:\/\/wolfgang-kern.com\/die-wahl-der-ersten-kamera-technische-aspekte-im-detail\/"},"wordCount":1126,"publisher":{"@id":"https:\/\/wolfgang-kern.com\/#\/schema\/person\/ea50495996105136f65a20338a41dcd5"},"image":{"@id":"https:\/\/wolfgang-kern.com\/die-wahl-der-ersten-kamera-technische-aspekte-im-detail\/#primaryimage"},"thumbnailUrl":"https:\/\/wolfgang-kern.com\/wp-content\/uploads\/2024\/03\/LUMIX-scaled.jpg","articleSection":["Blog"],"inLanguage":"en-US"},{"@type":"WebPage","@id":"https:\/\/wolfgang-kern.com\/die-wahl-der-ersten-kamera-technische-aspekte-im-detail\/","url":"https:\/\/wolfgang-kern.com\/die-wahl-der-ersten-kamera-technische-aspekte-im-detail\/","name":"Die erste Kamera - Wolfgang Kern Videography Blog","isPartOf":{"@id":"https:\/\/wolfgang-kern.com\/#website"},"primaryImageOfPage":{"@id":"https:\/\/wolfgang-kern.com\/die-wahl-der-ersten-kamera-technische-aspekte-im-detail\/#primaryimage"},"image":{"@id":"https:\/\/wolfgang-kern.com\/die-wahl-der-ersten-kamera-technische-aspekte-im-detail\/#primaryimage"},"thumbnailUrl":"https:\/\/wolfgang-kern.com\/wp-content\/uploads\/2024\/03\/LUMIX-scaled.jpg","datePublished":"2024-03-26T10:21:38+00:00","dateModified":"2024-03-26T10:21:40+00:00","description":"Die erste Kamera zu finden ist schwierig. Wir widmen uns hier kurz ein paar technischen Fakten und vergleichen Standards miteinander.","breadcrumb":{"@id":"https:\/\/wolfgang-kern.com\/die-wahl-der-ersten-kamera-technische-aspekte-im-detail\/#breadcrumb"},"inLanguage":"en-US","potentialAction":[{"@type":"ReadAction","target":["https:\/\/wolfgang-kern.com\/die-wahl-der-ersten-kamera-technische-aspekte-im-detail\/"]}]},{"@type":"ImageObject","inLanguage":"en-US","@id":"https:\/\/wolfgang-kern.com\/die-wahl-der-ersten-kamera-technische-aspekte-im-detail\/#primaryimage","url":"https:\/\/wolfgang-kern.com\/wp-content\/uploads\/2024\/03\/LUMIX-scaled.jpg","contentUrl":"https:\/\/wolfgang-kern.com\/wp-content\/uploads\/2024\/03\/LUMIX-scaled.jpg","width":2560,"height":1922},{"@type":"BreadcrumbList","@id":"https:\/\/wolfgang-kern.com\/die-wahl-der-ersten-kamera-technische-aspekte-im-detail\/#breadcrumb","itemListElement":[{"@type":"ListItem","position":1,"name":"Startseite","item":"https:\/\/wolfgang-kern.com\/"},{"@type":"ListItem","position":2,"name":"Die Wahl der ersten Kamera: Technische Aspekte im Detail"}]},{"@type":"WebSite","@id":"https:\/\/wolfgang-kern.com\/#website","url":"https:\/\/wolfgang-kern.com\/","name":"Wolfgang Kern \ud83c\udfa5\ud83c\udf9e\ufe0f\ud83c\udfac","description":"Videoproduction, Director, DOP","publisher":{"@id":"https:\/\/wolfgang-kern.com\/#\/schema\/person\/ea50495996105136f65a20338a41dcd5"},"potentialAction":[{"@type":"SearchAction","target":{"@type":"EntryPoint","urlTemplate":"https:\/\/wolfgang-kern.com\/?s={search_term_string}"},"query-input":{"@type":"PropertyValueSpecification","valueRequired":true,"valueName":"search_term_string"}}],"inLanguage":"en-US"},{"@type":["Person","Organization"],"@id":"https:\/\/wolfgang-kern.com\/#\/schema\/person\/ea50495996105136f65a20338a41dcd5","name":"Wolfgang Kern","image":{"@type":"ImageObject","inLanguage":"en-US","@id":"https:\/\/wolfgang-kern.com\/wp-content\/uploads\/2022\/12\/logo_scribble2.png","url":"https:\/\/wolfgang-kern.com\/wp-content\/uploads\/2022\/12\/logo_scribble2.png","contentUrl":"https:\/\/wolfgang-kern.com\/wp-content\/uploads\/2022\/12\/logo_scribble2.png","width":4096,"height":3112,"caption":"Wolfgang Kern"},"logo":{"@id":"https:\/\/wolfgang-kern.com\/wp-content\/uploads\/2022\/12\/logo_scribble2.png"}}]}},"_links":{"self":[{"href":"https:\/\/wolfgang-kern.com\/en\/wp-json\/wp\/v2\/posts\/3790","targetHints":{"allow":["GET"]}}],"collection":[{"href":"https:\/\/wolfgang-kern.com\/en\/wp-json\/wp\/v2\/posts"}],"about":[{"href":"https:\/\/wolfgang-kern.com\/en\/wp-json\/wp\/v2\/types\/post"}],"author":[{"embeddable":true,"href":"https:\/\/wolfgang-kern.com\/en\/wp-json\/wp\/v2\/users\/1"}],"replies":[{"embeddable":true,"href":"https:\/\/wolfgang-kern.com\/en\/wp-json\/wp\/v2\/comments?post=3790"}],"version-history":[{"count":4,"href":"https:\/\/wolfgang-kern.com\/en\/wp-json\/wp\/v2\/posts\/3790\/revisions"}],"predecessor-version":[{"id":3796,"href":"https:\/\/wolfgang-kern.com\/en\/wp-json\/wp\/v2\/posts\/3790\/revisions\/3796"}],"wp:featuredmedia":[{"embeddable":true,"href":"https:\/\/wolfgang-kern.com\/en\/wp-json\/wp\/v2\/media\/3794"}],"wp:attachment":[{"href":"https:\/\/wolfgang-kern.com\/en\/wp-json\/wp\/v2\/media?parent=3790"}],"wp:term":[{"taxonomy":"category","embeddable":true,"href":"https:\/\/wolfgang-kern.com\/en\/wp-json\/wp\/v2\/categories?post=3790"},{"taxonomy":"post_tag","embeddable":true,"href":"https:\/\/wolfgang-kern.com\/en\/wp-json\/wp\/v2\/tags?post=3790"}],"curies":[{"name":"wp","href":"https:\/\/api.w.org\/{rel}","templated":true}]}}